{"id":88,"date":"2011-08-04T12:10:24","date_gmt":"2011-08-04T10:10:24","guid":{"rendered":"https:\/\/www.ayurvedique.com\/vedicare-spa\/spa-soins-cures-consultations-forfait-sejour\/"},"modified":"2026-03-01T17:32:08","modified_gmt":"2026-03-01T16:32:08","slug":"spa-soins-cures-consultations-forfait-sejour","status":"publish","type":"post","link":"https:\/\/www.ayurvedique.com\/vedicare-spa\/spa-soins-cures-consultations-forfait-sejour\/","title":{"rendered":"Forfait s\u00e9jour"},"content":{"rendered":"<p><strong>Pension compl\u00e8te<\/strong><br \/>&#8211; nuit\u00e9e avec petit d\u00e9jeuner sur la base d\u2019une yourte ou chalet \u00e0 partager \u00e0 deux , petit d\u00e9jeuner et 2 repas v\u00e9g\u00e9tariens : <strong>114<\/strong> <strong>\u20ac soit 57 \u20ac par personne<\/strong><br \/>&#8211; nuit\u00e9e avec petit d\u00e9jeuner sur la base d\u2019une chambre \u00e0 partager \u00e0 deux, petit d\u00e9jeuner et 2 repas v\u00e9g\u00e9tariens :144 <strong>\u20ac pour deux<\/strong>. voir d\u00e9tails sur les pages tarifs.<\/p>\n<p><strong>Transfert Nice\/Tournefort en voiture : 25 Euros<\/strong><br \/>&#8211; Possibilit\u00e9 de prendre le bus 91 direction Isola\/Auron au d\u00e9part de l&rsquo;Arenas, 1 bus le matin, 1 bus le soir. Consultez Ligne d&rsquo; Azur au 08 1006 006 pour les horaires. Arr\u00eat Pont de Clans (Nous sommes \u00e0 3 km et nous viendrons vous chercher).<\/p>\n\n\n<p><\/p>\n","protected":false},"excerpt":{"rendered":"<p>Pension compl\u00e8te&#8211; nuit\u00e9e avec petit d\u00e9jeuner sur la base d\u2019une yourte ou chalet \u00e0 partager \u00e0 deux , petit d\u00e9jeuner et 2 repas v\u00e9g\u00e9tariens : 114 \u20ac soit 57 \u20ac par personne&#8211; nuit\u00e9e avec petit d\u00e9jeuner sur la base d\u2019une chambre \u00e0 partager \u00e0 deux, petit d\u00e9jeuner et 2 repas v\u00e9g\u00e9tariens :144 \u20ac pour deux. [&hellip;]<\/p>\n","protected":false},"author":1,"featured_media":5269,"comment_status":"open","ping_status":"open","sticky":true,"template":"","format":"standard","meta":{"_uag_custom_page_level_css":"","site-sidebar-layout":"default","site-content-layout":"default","ast-site-content-layout":"default","site-content-style":"default","site-sidebar-style":"default","ast-global-header-display":"","ast-banner-title-visibility":"","ast-main-header-display":"","ast-hfb-above-header-display":"","ast-hfb-below-header-display":"","ast-hfb-mobile-header-display":"","site-post-title":"","ast-breadcrumbs-content":"","ast-featured-img":"","footer-sml-layout":"","ast-disable-related-posts":"","theme-transparent-header-meta":"default","adv-header-id-meta":"","stick-header-meta":"","header-above-stick-meta":"","header-main-stick-meta":"","header-below-stick-meta":"","astra-migrate-meta-layouts":"set","ast-page-background-enabled":"default","ast-page-background-meta":{"desktop":{"background-color":"","background-image":"","background-repeat":"repeat","background-position":"center center","background-size":"auto","background-attachment":"scroll","background-type":"","background-media":"","overlay-type":"","overlay-color":"","overlay-opacity":"","overlay-gradient":""},"tablet":{"background-color":"","background-image":"","background-repeat":"repeat","background-position":"center center","background-size":"auto","background-attachment":"scroll","background-type":"","background-media":"","overlay-type":"","overlay-color":"","overlay-opacity":"","overlay-gradient":""},"mobile":{"background-color":"","background-image":"","background-repeat":"repeat","background-position":"center center","background-size":"auto","background-attachment":"scroll","background-type":"","background-media":"","overlay-type":"","overlay-color":"","overlay-opacity":"","overlay-gradient":""}},"ast-content-background-meta":{"desktop":{"background-color":"var(--ast-global-color-5)","background-image":"","background-repeat":"repeat","background-position":"center center","background-size":"auto","background-attachment":"scroll","background-type":"","background-media":"","overlay-type":"","overlay-color":"","overlay-opacity":"","overlay-gradient":""},"tablet":{"background-color":"var(--ast-global-color-5)","background-image":"","background-repeat":"repeat","background-position":"center center","background-size":"auto","background-attachment":"scroll","background-type":"","background-media":"","overlay-type":"","overlay-color":"","overlay-opacity":"","overlay-gradient":""},"mobile":{"background-color":"var(--ast-global-color-5)","background-image":"","background-repeat":"repeat","background-position":"center center","background-size":"auto","background-attachment":"scroll","background-type":"","background-media":"","overlay-type":"","overlay-color":"","overlay-opacity":"","overlay-gradient":""}},"footnotes":""},"categories":[73,106,83],"tags":[],"class_list":["post-88","post","type-post","status-publish","format-standard","has-post-thumbnail","hentry","category-spa","category-cures-ayurvediques","category-hebergement-fr"],"yoast_head":"<!-- This site is optimized with the Yoast SEO plugin v27.5 - https:\/\/yoast.com\/product\/yoast-seo-wordpress\/ -->\n<title>Forfait s\u00e9jour - Vedicare | Soins, Cures, Boutique ayurv\u00e9dique<\/title>\n<meta name=\"description\" content=\"Spa, massages, soins, cures, consultation di\u00e9t\u00e9tique ayurv\u00e9dique... Stages, \u00e9co-h\u00e9bergement, tables d&#039;h\u00f4tes dans le sud de la France \u00e0 45 min de Nice.\" \/>\n<meta name=\"robots\" content=\"index, follow, max-snippet:-1, max-image-preview:large, max-video-preview:-1\" \/>\n<link rel=\"canonical\" href=\"https:\/\/www.ayurvedique.com\/vedicare-spa\/spa-soins-cures-consultations-forfait-sejour\/\" \/>\n<meta property=\"og:locale\" content=\"fr_FR\" \/>\n<meta property=\"og:type\" content=\"article\" \/>\n<meta property=\"og:title\" content=\"Forfait s\u00e9jour - Vedicare | Soins, Cures, Boutique ayurv\u00e9dique\" \/>\n<meta property=\"og:description\" content=\"Spa, massages, soins, cures, consultation di\u00e9t\u00e9tique ayurv\u00e9dique... Stages, \u00e9co-h\u00e9bergement, tables d&#039;h\u00f4tes dans le sud de la France \u00e0 45 min de Nice.\" \/>\n<meta property=\"og:url\" content=\"https:\/\/www.ayurvedique.com\/vedicare-spa\/spa-soins-cures-consultations-forfait-sejour\/\" \/>\n<meta property=\"og:site_name\" content=\"Vedicare | Soins, Cures, Boutique ayurv\u00e9dique\" \/>\n<meta property=\"article:publisher\" content=\"https:\/\/www.facebook.com\/Eco-gites-et-spa-Vedicare-146891845345782\/\" \/>\n<meta property=\"article:published_time\" content=\"2011-08-04T10:10:24+00:00\" \/>\n<meta property=\"article:modified_time\" content=\"2026-03-01T16:32:08+00:00\" \/>\n<meta property=\"og:image\" content=\"https:\/\/www.ayurvedique.com\/vedicare-spa\/wp-content\/uploads\/Detente-jardin.jpg\" \/>\n\t<meta property=\"og:image:width\" content=\"1067\" \/>\n\t<meta property=\"og:image:height\" content=\"600\" \/>\n\t<meta property=\"og:image:type\" content=\"image\/jpeg\" \/>\n<meta name=\"author\" content=\"cyber\" \/>\n<meta name=\"twitter:card\" content=\"summary_large_image\" \/>\n<meta name=\"twitter:label1\" content=\"\u00c9crit par\" \/>\n\t<meta name=\"twitter:data1\" content=\"cyber\" \/>\n\t<meta name=\"twitter:label2\" content=\"Dur\u00e9e de lecture estim\u00e9e\" \/>\n\t<meta name=\"twitter:data2\" content=\"1 minute\" \/>\n<script type=\"application\/ld+json\" class=\"yoast-schema-graph\">{\"@context\":\"https:\\\/\\\/schema.org\",\"@graph\":[{\"@type\":\"Article\",\"@id\":\"https:\\\/\\\/www.ayurvedique.com\\\/vedicare-spa\\\/spa-soins-cures-consultations-forfait-sejour\\\/#article\",\"isPartOf\":{\"@id\":\"https:\\\/\\\/www.ayurvedique.com\\\/vedicare-spa\\\/spa-soins-cures-consultations-forfait-sejour\\\/\"},\"author\":{\"name\":\"cyber\",\"@id\":\"https:\\\/\\\/www.ayurvedique.com\\\/vedicare-spa\\\/#\\\/schema\\\/person\\\/85a948682000f717f48f74081cafac7d\"},\"headline\":\"Forfait s\u00e9jour\",\"datePublished\":\"2011-08-04T10:10:24+00:00\",\"dateModified\":\"2026-03-01T16:32:08+00:00\",\"mainEntityOfPage\":{\"@id\":\"https:\\\/\\\/www.ayurvedique.com\\\/vedicare-spa\\\/spa-soins-cures-consultations-forfait-sejour\\\/\"},\"wordCount\":114,\"commentCount\":0,\"publisher\":{\"@id\":\"https:\\\/\\\/www.ayurvedique.com\\\/vedicare-spa\\\/#organization\"},\"image\":{\"@id\":\"https:\\\/\\\/www.ayurvedique.com\\\/vedicare-spa\\\/spa-soins-cures-consultations-forfait-sejour\\\/#primaryimage\"},\"thumbnailUrl\":\"https:\\\/\\\/www.ayurvedique.com\\\/vedicare-spa\\\/wp-content\\\/uploads\\\/Detente-jardin.jpg\",\"articleSection\":[\"Le Spa\",\"Cures ayurv\u00e9diques\",\"H\u00e9bergement, Tables d'h\u00f4tes\"],\"inLanguage\":\"fr-FR\",\"potentialAction\":[{\"@type\":\"CommentAction\",\"name\":\"Comment\",\"target\":[\"https:\\\/\\\/www.ayurvedique.com\\\/vedicare-spa\\\/spa-soins-cures-consultations-forfait-sejour\\\/#respond\"]}]},{\"@type\":\"WebPage\",\"@id\":\"https:\\\/\\\/www.ayurvedique.com\\\/vedicare-spa\\\/spa-soins-cures-consultations-forfait-sejour\\\/\",\"url\":\"https:\\\/\\\/www.ayurvedique.com\\\/vedicare-spa\\\/spa-soins-cures-consultations-forfait-sejour\\\/\",\"name\":\"Forfait s\u00e9jour - Vedicare | Soins, Cures, Boutique ayurv\u00e9dique\",\"isPartOf\":{\"@id\":\"https:\\\/\\\/www.ayurvedique.com\\\/vedicare-spa\\\/#website\"},\"primaryImageOfPage\":{\"@id\":\"https:\\\/\\\/www.ayurvedique.com\\\/vedicare-spa\\\/spa-soins-cures-consultations-forfait-sejour\\\/#primaryimage\"},\"image\":{\"@id\":\"https:\\\/\\\/www.ayurvedique.com\\\/vedicare-spa\\\/spa-soins-cures-consultations-forfait-sejour\\\/#primaryimage\"},\"thumbnailUrl\":\"https:\\\/\\\/www.ayurvedique.com\\\/vedicare-spa\\\/wp-content\\\/uploads\\\/Detente-jardin.jpg\",\"datePublished\":\"2011-08-04T10:10:24+00:00\",\"dateModified\":\"2026-03-01T16:32:08+00:00\",\"description\":\"Spa, massages, soins, cures, consultation di\u00e9t\u00e9tique ayurv\u00e9dique... Stages, \u00e9co-h\u00e9bergement, tables d'h\u00f4tes dans le sud de la France \u00e0 45 min de Nice.\",\"breadcrumb\":{\"@id\":\"https:\\\/\\\/www.ayurvedique.com\\\/vedicare-spa\\\/spa-soins-cures-consultations-forfait-sejour\\\/#breadcrumb\"},\"inLanguage\":\"fr-FR\",\"potentialAction\":[{\"@type\":\"ReadAction\",\"target\":[\"https:\\\/\\\/www.ayurvedique.com\\\/vedicare-spa\\\/spa-soins-cures-consultations-forfait-sejour\\\/\"]}]},{\"@type\":\"ImageObject\",\"inLanguage\":\"fr-FR\",\"@id\":\"https:\\\/\\\/www.ayurvedique.com\\\/vedicare-spa\\\/spa-soins-cures-consultations-forfait-sejour\\\/#primaryimage\",\"url\":\"https:\\\/\\\/www.ayurvedique.com\\\/vedicare-spa\\\/wp-content\\\/uploads\\\/Detente-jardin.jpg\",\"contentUrl\":\"https:\\\/\\\/www.ayurvedique.com\\\/vedicare-spa\\\/wp-content\\\/uploads\\\/Detente-jardin.jpg\",\"width\":1067,\"height\":600,\"caption\":\"D\u00e9tente jardin\"},{\"@type\":\"BreadcrumbList\",\"@id\":\"https:\\\/\\\/www.ayurvedique.com\\\/vedicare-spa\\\/spa-soins-cures-consultations-forfait-sejour\\\/#breadcrumb\",\"itemListElement\":[{\"@type\":\"ListItem\",\"position\":1,\"name\":\"Accueil\",\"item\":\"https:\\\/\\\/www.ayurvedique.com\\\/vedicare-spa\\\/\"},{\"@type\":\"ListItem\",\"position\":2,\"name\":\"Forfait s\u00e9jour\"}]},{\"@type\":\"WebSite\",\"@id\":\"https:\\\/\\\/www.ayurvedique.com\\\/vedicare-spa\\\/#website\",\"url\":\"https:\\\/\\\/www.ayurvedique.com\\\/vedicare-spa\\\/\",\"name\":\"Vedicare | Soins, Cures, Boutique ayurv\u00e9dique\",\"description\":\"Produits naturels bio et vegan, Spa ayurvedique\",\"publisher\":{\"@id\":\"https:\\\/\\\/www.ayurvedique.com\\\/vedicare-spa\\\/#organization\"},\"alternateName\":\"Spa ayurv\u00e9dique et produits naturels\",\"potentialAction\":[{\"@type\":\"SearchAction\",\"target\":{\"@type\":\"EntryPoint\",\"urlTemplate\":\"https:\\\/\\\/www.ayurvedique.com\\\/vedicare-spa\\\/?s={search_term_string}\"},\"query-input\":{\"@type\":\"PropertyValueSpecification\",\"valueRequired\":true,\"valueName\":\"search_term_string\"}}],\"inLanguage\":\"fr-FR\"},{\"@type\":\"Organization\",\"@id\":\"https:\\\/\\\/www.ayurvedique.com\\\/vedicare-spa\\\/#organization\",\"name\":\"Vedicare\",\"url\":\"https:\\\/\\\/www.ayurvedique.com\\\/vedicare-spa\\\/\",\"logo\":{\"@type\":\"ImageObject\",\"inLanguage\":\"fr-FR\",\"@id\":\"https:\\\/\\\/www.ayurvedique.com\\\/vedicare-spa\\\/#\\\/schema\\\/logo\\\/image\\\/\",\"url\":\"https:\\\/\\\/www.ayurvedique.com\\\/vedicare-spa\\\/wp-content\\\/uploads\\\/logo_vedicare-1.png\",\"contentUrl\":\"https:\\\/\\\/www.ayurvedique.com\\\/vedicare-spa\\\/wp-content\\\/uploads\\\/logo_vedicare-1.png\",\"width\":142,\"height\":206,\"caption\":\"Vedicare\"},\"image\":{\"@id\":\"https:\\\/\\\/www.ayurvedique.com\\\/vedicare-spa\\\/#\\\/schema\\\/logo\\\/image\\\/\"},\"sameAs\":[\"https:\\\/\\\/www.facebook.com\\\/Eco-gites-et-spa-Vedicare-146891845345782\\\/\"]},{\"@type\":\"Person\",\"@id\":\"https:\\\/\\\/www.ayurvedique.com\\\/vedicare-spa\\\/#\\\/schema\\\/person\\\/85a948682000f717f48f74081cafac7d\",\"name\":\"cyber\"}]}<\/script>\n<!-- \/ Yoast SEO plugin. -->","yoast_head_json":{"title":"Forfait s\u00e9jour - Vedicare | Soins, Cures, Boutique ayurv\u00e9dique","description":"Spa, massages, soins, cures, consultation di\u00e9t\u00e9tique ayurv\u00e9dique... Stages, \u00e9co-h\u00e9bergement, tables d'h\u00f4tes dans le sud de la France \u00e0 45 min de Nice.","robots":{"index":"index","follow":"follow","max-snippet":"max-snippet:-1","max-image-preview":"max-image-preview:large","max-video-preview":"max-video-preview:-1"},"canonical":"https:\/\/www.ayurvedique.com\/vedicare-spa\/spa-soins-cures-consultations-forfait-sejour\/","og_locale":"fr_FR","og_type":"article","og_title":"Forfait s\u00e9jour - Vedicare | Soins, Cures, Boutique ayurv\u00e9dique","og_description":"Spa, massages, soins, cures, consultation di\u00e9t\u00e9tique ayurv\u00e9dique... Stages, \u00e9co-h\u00e9bergement, tables d'h\u00f4tes dans le sud de la France \u00e0 45 min de Nice.","og_url":"https:\/\/www.ayurvedique.com\/vedicare-spa\/spa-soins-cures-consultations-forfait-sejour\/","og_site_name":"Vedicare | Soins, Cures, Boutique ayurv\u00e9dique","article_publisher":"https:\/\/www.facebook.com\/Eco-gites-et-spa-Vedicare-146891845345782\/","article_published_time":"2011-08-04T10:10:24+00:00","article_modified_time":"2026-03-01T16:32:08+00:00","og_image":[{"width":1067,"height":600,"url":"https:\/\/www.ayurvedique.com\/vedicare-spa\/wp-content\/uploads\/Detente-jardin.jpg","type":"image\/jpeg"}],"author":"cyber","twitter_card":"summary_large_image","twitter_misc":{"\u00c9crit par":"cyber","Dur\u00e9e de lecture estim\u00e9e":"1 minute"},"schema":{"@context":"https:\/\/schema.org","@graph":[{"@type":"Article","@id":"https:\/\/www.ayurvedique.com\/vedicare-spa\/spa-soins-cures-consultations-forfait-sejour\/#article","isPartOf":{"@id":"https:\/\/www.ayurvedique.com\/vedicare-spa\/spa-soins-cures-consultations-forfait-sejour\/"},"author":{"name":"cyber","@id":"https:\/\/www.ayurvedique.com\/vedicare-spa\/#\/schema\/person\/85a948682000f717f48f74081cafac7d"},"headline":"Forfait s\u00e9jour","datePublished":"2011-08-04T10:10:24+00:00","dateModified":"2026-03-01T16:32:08+00:00","mainEntityOfPage":{"@id":"https:\/\/www.ayurvedique.com\/vedicare-spa\/spa-soins-cures-consultations-forfait-sejour\/"},"wordCount":114,"commentCount":0,"publisher":{"@id":"https:\/\/www.ayurvedique.com\/vedicare-spa\/#organization"},"image":{"@id":"https:\/\/www.ayurvedique.com\/vedicare-spa\/spa-soins-cures-consultations-forfait-sejour\/#primaryimage"},"thumbnailUrl":"https:\/\/www.ayurvedique.com\/vedicare-spa\/wp-content\/uploads\/Detente-jardin.jpg","articleSection":["Le Spa","Cures ayurv\u00e9diques","H\u00e9bergement, Tables d'h\u00f4tes"],"inLanguage":"fr-FR","potentialAction":[{"@type":"CommentAction","name":"Comment","target":["https:\/\/www.ayurvedique.com\/vedicare-spa\/spa-soins-cures-consultations-forfait-sejour\/#respond"]}]},{"@type":"WebPage","@id":"https:\/\/www.ayurvedique.com\/vedicare-spa\/spa-soins-cures-consultations-forfait-sejour\/","url":"https:\/\/www.ayurvedique.com\/vedicare-spa\/spa-soins-cures-consultations-forfait-sejour\/","name":"Forfait s\u00e9jour - Vedicare | Soins, Cures, Boutique ayurv\u00e9dique","isPartOf":{"@id":"https:\/\/www.ayurvedique.com\/vedicare-spa\/#website"},"primaryImageOfPage":{"@id":"https:\/\/www.ayurvedique.com\/vedicare-spa\/spa-soins-cures-consultations-forfait-sejour\/#primaryimage"},"image":{"@id":"https:\/\/www.ayurvedique.com\/vedicare-spa\/spa-soins-cures-consultations-forfait-sejour\/#primaryimage"},"thumbnailUrl":"https:\/\/www.ayurvedique.com\/vedicare-spa\/wp-content\/uploads\/Detente-jardin.jpg","datePublished":"2011-08-04T10:10:24+00:00","dateModified":"2026-03-01T16:32:08+00:00","description":"Spa, massages, soins, cures, consultation di\u00e9t\u00e9tique ayurv\u00e9dique... Stages, \u00e9co-h\u00e9bergement, tables d'h\u00f4tes dans le sud de la France \u00e0 45 min de Nice.","breadcrumb":{"@id":"https:\/\/www.ayurvedique.com\/vedicare-spa\/spa-soins-cures-consultations-forfait-sejour\/#breadcrumb"},"inLanguage":"fr-FR","potentialAction":[{"@type":"ReadAction","target":["https:\/\/www.ayurvedique.com\/vedicare-spa\/spa-soins-cures-consultations-forfait-sejour\/"]}]},{"@type":"ImageObject","inLanguage":"fr-FR","@id":"https:\/\/www.ayurvedique.com\/vedicare-spa\/spa-soins-cures-consultations-forfait-sejour\/#primaryimage","url":"https:\/\/www.ayurvedique.com\/vedicare-spa\/wp-content\/uploads\/Detente-jardin.jpg","contentUrl":"https:\/\/www.ayurvedique.com\/vedicare-spa\/wp-content\/uploads\/Detente-jardin.jpg","width":1067,"height":600,"caption":"D\u00e9tente jardin"},{"@type":"BreadcrumbList","@id":"https:\/\/www.ayurvedique.com\/vedicare-spa\/spa-soins-cures-consultations-forfait-sejour\/#breadcrumb","itemListElement":[{"@type":"ListItem","position":1,"name":"Accueil","item":"https:\/\/www.ayurvedique.com\/vedicare-spa\/"},{"@type":"ListItem","position":2,"name":"Forfait s\u00e9jour"}]},{"@type":"WebSite","@id":"https:\/\/www.ayurvedique.com\/vedicare-spa\/#website","url":"https:\/\/www.ayurvedique.com\/vedicare-spa\/","name":"Vedicare | Soins, Cures, Boutique ayurv\u00e9dique","description":"Produits naturels bio et vegan, Spa ayurvedique","publisher":{"@id":"https:\/\/www.ayurvedique.com\/vedicare-spa\/#organization"},"alternateName":"Spa ayurv\u00e9dique et produits naturels","potentialAction":[{"@type":"SearchAction","target":{"@type":"EntryPoint","urlTemplate":"https:\/\/www.ayurvedique.com\/vedicare-spa\/?s={search_term_string}"},"query-input":{"@type":"PropertyValueSpecification","valueRequired":true,"valueName":"search_term_string"}}],"inLanguage":"fr-FR"},{"@type":"Organization","@id":"https:\/\/www.ayurvedique.com\/vedicare-spa\/#organization","name":"Vedicare","url":"https:\/\/www.ayurvedique.com\/vedicare-spa\/","logo":{"@type":"ImageObject","inLanguage":"fr-FR","@id":"https:\/\/www.ayurvedique.com\/vedicare-spa\/#\/schema\/logo\/image\/","url":"https:\/\/www.ayurvedique.com\/vedicare-spa\/wp-content\/uploads\/logo_vedicare-1.png","contentUrl":"https:\/\/www.ayurvedique.com\/vedicare-spa\/wp-content\/uploads\/logo_vedicare-1.png","width":142,"height":206,"caption":"Vedicare"},"image":{"@id":"https:\/\/www.ayurvedique.com\/vedicare-spa\/#\/schema\/logo\/image\/"},"sameAs":["https:\/\/www.facebook.com\/Eco-gites-et-spa-Vedicare-146891845345782\/"]},{"@type":"Person","@id":"https:\/\/www.ayurvedique.com\/vedicare-spa\/#\/schema\/person\/85a948682000f717f48f74081cafac7d","name":"cyber"}]}},"uagb_featured_image_src":{"full":["https:\/\/www.ayurvedique.com\/vedicare-spa\/wp-content\/uploads\/Detente-jardin.jpg",1067,600,false],"thumbnail":["https:\/\/www.ayurvedique.com\/vedicare-spa\/wp-content\/uploads\/Detente-jardin-150x150.jpg",150,150,true],"medium":["https:\/\/www.ayurvedique.com\/vedicare-spa\/wp-content\/uploads\/Detente-jardin-600x337.jpg",600,337,true],"medium_large":["https:\/\/www.ayurvedique.com\/vedicare-spa\/wp-content\/uploads\/Detente-jardin-768x432.jpg",768,432,true],"large":["https:\/\/www.ayurvedique.com\/vedicare-spa\/wp-content\/uploads\/Detente-jardin-1024x576.jpg",1024,576,true],"1536x1536":["https:\/\/www.ayurvedique.com\/vedicare-spa\/wp-content\/uploads\/Detente-jardin.jpg",1067,600,false],"2048x2048":["https:\/\/www.ayurvedique.com\/vedicare-spa\/wp-content\/uploads\/Detente-jardin.jpg",1067,600,false],"rpwe-thumbnail":["https:\/\/www.ayurvedique.com\/vedicare-spa\/wp-content\/uploads\/Detente-jardin-45x45.jpg",45,45,true],"woocommerce_thumbnail":["https:\/\/www.ayurvedique.com\/vedicare-spa\/wp-content\/uploads\/Detente-jardin-300x300.jpg",300,300,true],"woocommerce_single":["https:\/\/www.ayurvedique.com\/vedicare-spa\/wp-content\/uploads\/Detente-jardin-600x337.jpg",600,337,true],"woocommerce_gallery_thumbnail":["https:\/\/www.ayurvedique.com\/vedicare-spa\/wp-content\/uploads\/Detente-jardin-100x100.jpg",100,100,true]},"uagb_author_info":{"display_name":"cyber","author_link":"https:\/\/www.ayurvedique.com\/vedicare-spa\/author\/cyber\/"},"uagb_comment_info":0,"uagb_excerpt":"Pension compl\u00e8te&#8211; nuit\u00e9e avec petit d\u00e9jeuner sur la base d\u2019une yourte ou chalet \u00e0 partager \u00e0 deux , petit d\u00e9jeuner et 2 repas v\u00e9g\u00e9tariens : 114 \u20ac soit 57 \u20ac par personne&#8211; nuit\u00e9e avec petit d\u00e9jeuner sur la base d\u2019une chambre \u00e0 partager \u00e0 deux, petit d\u00e9jeuner et 2 repas v\u00e9g\u00e9tariens :144 \u20ac pour deux.\u2026","_links":{"self":[{"href":"https:\/\/www.ayurvedique.com\/vedicare-spa\/wp-json\/wp\/v2\/posts\/88","targetHints":{"allow":["GET"]}}],"collection":[{"href":"https:\/\/www.ayurvedique.com\/vedicare-spa\/wp-json\/wp\/v2\/posts"}],"about":[{"href":"https:\/\/www.ayurvedique.com\/vedicare-spa\/wp-json\/wp\/v2\/types\/post"}],"author":[{"embeddable":true,"href":"https:\/\/www.ayurvedique.com\/vedicare-spa\/wp-json\/wp\/v2\/users\/1"}],"replies":[{"embeddable":true,"href":"https:\/\/www.ayurvedique.com\/vedicare-spa\/wp-json\/wp\/v2\/comments?post=88"}],"version-history":[{"count":8,"href":"https:\/\/www.ayurvedique.com\/vedicare-spa\/wp-json\/wp\/v2\/posts\/88\/revisions"}],"predecessor-version":[{"id":9020,"href":"https:\/\/www.ayurvedique.com\/vedicare-spa\/wp-json\/wp\/v2\/posts\/88\/revisions\/9020"}],"wp:featuredmedia":[{"embeddable":true,"href":"https:\/\/www.ayurvedique.com\/vedicare-spa\/wp-json\/wp\/v2\/media\/5269"}],"wp:attachment":[{"href":"https:\/\/www.ayurvedique.com\/vedicare-spa\/wp-json\/wp\/v2\/media?parent=88"}],"wp:term":[{"taxonomy":"category","embeddable":true,"href":"https:\/\/www.ayurvedique.com\/vedicare-spa\/wp-json\/wp\/v2\/categories?post=88"},{"taxonomy":"post_tag","embeddable":true,"href":"https:\/\/www.ayurvedique.com\/vedicare-spa\/wp-json\/wp\/v2\/tags?post=88"}],"curies":[{"name":"wp","href":"https:\/\/api.w.org\/{rel}","templated":true}]}}