{"id":57,"date":"2011-07-30T16:00:32","date_gmt":"2011-07-30T14:00:32","guid":{"rendered":""},"modified":"2023-02-08T14:53:09","modified_gmt":"2023-02-08T13:53:09","slug":"notre-lieu-valorette","status":"publish","type":"post","link":"https:\/\/www.ayurvedique.com\/vedicare-spa\/notre-lieu-valorette\/","title":{"rendered":"Notre lieu : La Valorette"},"content":{"rendered":"<p><strong>La Valorette<\/strong> \u00e9tait autrefois une ferme auberge r\u00e9put\u00e9e. Situ\u00e9e au bout d&rsquo;un chemin priv\u00e9 avant le village de Tournefort, dans la vall\u00e9e de la Tin\u00e9e, \u00e0 45 mn de Nice, nous b\u00e9n\u00e9ficions d&rsquo;un climat m\u00e9diterran\u00e9en, doux et agr\u00e9able. Depuis que nous y sommes install\u00e9s en 2003, nous avons r\u00e9nov\u00e9 la salle panoramique en bois qui servait de restaurant, nous y avons cr\u00e9\u00e9 un espace \u00e0 vivre pour y prendre les repas et pour s&rsquo; y retrouver entre curistes, stagiaires et visiteurs. Quatre chambres d&rsquo;h\u00f4tes, &nbsp;sont dans l&rsquo;ancienne auberge. Deux autres chambres d&rsquo;h\u00f4tes se trouvent dans un chalet en bois tout neuf \u00e0 la lisi\u00e8re de la for\u00eat, et cinq yourtes sont diss\u00e9min\u00e9es sur le terrain. Notre terrain est construit en restanques, il fait face \u00e0 la montagne, il est calme et tr\u00e8s ensoleill\u00e9. Nous b\u00e9n\u00e9ficions de la douceur du Sud de la France, et les saisons y sont bien marqu\u00e9es. N\u00e9anmoins, si l&rsquo;hiver il g\u00e8le la nuit, nous n&rsquo;avons que rarement de la neige. Nous avons un potager et quelques fruitiers, car pour la pr\u00e9paration des repas, nous privil\u00e9gions les produits de notre terrain et des environs proches.<\/p>\n<p>Nous avons opt\u00e9 pour le <strong>d\u00e9veloppement durable<\/strong> \u00e0 chaque fois que c&rsquo;\u00e9tait possible. Le chauffage des maisons anciennes est central, aliment\u00e9 par deux pompes \u00e0 chaleur air\/eau. L&rsquo;eau chaude est solaire. Nous achetons notre electricit\u00e9 chez Enercoop, garantie sans nucl\u00e9aire. Nous avons install\u00e9 des \u00e9conomiseurs d&rsquo;eau aux douches et lavabos. Toutes les nouvelles toilettes sont des toilettes s\u00e8ches, nous avions une fosse septique que nous avons bien sur conserv\u00e9, nous avons rajout\u00e9 deux syst\u00e8mes, un \u00e0 compostage pour deux chambres individuelles et un syst\u00e8me \u00e0 double compartiment pour le chalet en bois et les yourtes. Les eaux grises du chalet sont dirig\u00e9es vers des bacs de phyto-\u00e9puration. Notre eco gite a \u00e9t\u00e9 labellis\u00e9 par Cl\u00e9 Verte en nov 2014.<\/p>\n<p>Nous poss\u00e9dons &nbsp;une yourte am\u00e9ricaine et quatre yourtes fabriqu\u00e9es en France dans le respect de l&rsquo;\u00e9cologie, en jute et bois.<\/p>\n<p>La bergerie a des proportions tr\u00e9s harmonieuses, nous l&rsquo;avons sauv\u00e9e de la ruine d\u00e8s notre arriv\u00e9e, son isolation est en panneaux de bois \u00e9cologique. nous y avons install\u00e9 notre spa ayurv\u00e9dique au rez de chauss\u00e9e, il comprend trois cabines de Panchakarma, un bureau pour les consultations et une salle d&rsquo;eau. Tout est en bois et, a \u00e9t\u00e9 construit par des artisans de notre vall\u00e9e, la Tin\u00e9e. La salle de s\u00e9minaire, 45m\u00b2, occupe toute la superficie au 1er \u00e9tage, la vue y est imprenable.<\/p>\n","protected":false},"excerpt":{"rendered":"<p>A 45 min de Nice, pr\u00e8s du village de Tournefort, nos chambres d&rsquo;h\u00f4tes, les yourtes et un chalet accueillent curistes et stagiaires toute l&rsquo;ann\u00e9e.<\/p>\n","protected":false},"author":1,"featured_media":1328,"comment_status":"open","ping_status":"open","sticky":true,"template":"","format":"standard","meta":{"_uag_custom_page_level_css":"","site-sidebar-layout":"default","site-content-layout":"default","ast-site-content-layout":"default","site-content-style":"default","site-sidebar-style":"default","ast-global-header-display":"","ast-banner-title-visibility":"","ast-main-header-display":"","ast-hfb-above-header-display":"","ast-hfb-below-header-display":"","ast-hfb-mobile-header-display":"","site-post-title":"","ast-breadcrumbs-content":"","ast-featured-img":"","footer-sml-layout":"","ast-disable-related-posts":"","theme-transparent-header-meta":"default","adv-header-id-meta":"","stick-header-meta":"","header-above-stick-meta":"","header-main-stick-meta":"","header-below-stick-meta":"","astra-migrate-meta-layouts":"default","ast-page-background-enabled":"default","ast-page-background-meta":{"desktop":{"background-color":"","background-image":"","background-repeat":"repeat","background-position":"center center","background-size":"auto","background-attachment":"scroll","background-type":"","background-media":"","overlay-type":"","overlay-color":"","overlay-opacity":"","overlay-gradient":""},"tablet":{"background-color":"","background-image":"","background-repeat":"repeat","background-position":"center center","background-size":"auto","background-attachment":"scroll","background-type":"","background-media":"","overlay-type":"","overlay-color":"","overlay-opacity":"","overlay-gradient":""},"mobile":{"background-color":"","background-image":"","background-repeat":"repeat","background-position":"center center","background-size":"auto","background-attachment":"scroll","background-type":"","background-media":"","overlay-type":"","overlay-color":"","overlay-opacity":"","overlay-gradient":""}},"ast-content-background-meta":{"desktop":{"background-color":"var(--ast-global-color-5)","background-image":"","background-repeat":"repeat","background-position":"center center","background-size":"auto","background-attachment":"scroll","background-type":"","background-media":"","overlay-type":"","overlay-color":"","overlay-opacity":"","overlay-gradient":""},"tablet":{"background-color":"var(--ast-global-color-5)","background-image":"","background-repeat":"repeat","background-position":"center center","background-size":"auto","background-attachment":"scroll","background-type":"","background-media":"","overlay-type":"","overlay-color":"","overlay-opacity":"","overlay-gradient":""},"mobile":{"background-color":"var(--ast-global-color-5)","background-image":"","background-repeat":"repeat","background-position":"center center","background-size":"auto","background-attachment":"scroll","background-type":"","background-media":"","overlay-type":"","overlay-color":"","overlay-opacity":"","overlay-gradient":""}},"footnotes":""},"categories":[91],"tags":[],"class_list":["post-57","post","type-post","status-publish","format-standard","has-post-thumbnail","hentry","category-vedicare"],"yoast_head":"<!-- This site is optimized with the Yoast SEO plugin v27.4 - https:\/\/yoast.com\/product\/yoast-seo-wordpress\/ -->\n<title>Notre lieu : La Valorette - Vedicare | Soins, Cures, Boutique ayurv\u00e9dique<\/title>\n<meta name=\"description\" content=\"Spa, massages, soins, cures, consultation di\u00e9t\u00e9tique ayurv\u00e9dique... Stages, \u00e9co-h\u00e9bergement, tables d&#039;h\u00f4tes dans le sud de la France \u00e0 45 min de Nice.\" \/>\n<meta name=\"robots\" content=\"index, follow, max-snippet:-1, max-image-preview:large, max-video-preview:-1\" \/>\n<link rel=\"canonical\" href=\"https:\/\/www.ayurvedique.com\/vedicare-spa\/notre-lieu-valorette\/\" \/>\n<meta property=\"og:locale\" content=\"fr_FR\" \/>\n<meta property=\"og:type\" content=\"article\" \/>\n<meta property=\"og:title\" content=\"Notre lieu : La Valorette - Vedicare | Soins, Cures, Boutique ayurv\u00e9dique\" \/>\n<meta property=\"og:description\" content=\"Spa, massages, soins, cures, consultation di\u00e9t\u00e9tique ayurv\u00e9dique... Stages, \u00e9co-h\u00e9bergement, tables d&#039;h\u00f4tes dans le sud de la France \u00e0 45 min de Nice.\" \/>\n<meta property=\"og:url\" content=\"https:\/\/www.ayurvedique.com\/vedicare-spa\/notre-lieu-valorette\/\" \/>\n<meta property=\"og:site_name\" content=\"Vedicare | Soins, Cures, Boutique ayurv\u00e9dique\" \/>\n<meta property=\"article:publisher\" content=\"https:\/\/www.facebook.com\/Eco-gites-et-spa-Vedicare-146891845345782\/\" \/>\n<meta property=\"article:published_time\" content=\"2011-07-30T14:00:32+00:00\" \/>\n<meta property=\"article:modified_time\" content=\"2023-02-08T13:53:09+00:00\" \/>\n<meta property=\"og:image\" content=\"https:\/\/www.ayurvedique.com\/vedicare-spa\/wp-content\/uploads\/DSC_0115.jpg\" \/>\n\t<meta property=\"og:image:width\" content=\"1024\" \/>\n\t<meta property=\"og:image:height\" content=\"576\" \/>\n\t<meta property=\"og:image:type\" content=\"image\/jpeg\" \/>\n<meta name=\"author\" content=\"cyber\" \/>\n<meta name=\"twitter:card\" content=\"summary_large_image\" \/>\n<meta name=\"twitter:label1\" content=\"\u00c9crit par\" \/>\n\t<meta name=\"twitter:data1\" content=\"cyber\" \/>\n\t<meta name=\"twitter:label2\" content=\"Dur\u00e9e de lecture estim\u00e9e\" \/>\n\t<meta name=\"twitter:data2\" content=\"3 minutes\" \/>\n<script type=\"application\/ld+json\" class=\"yoast-schema-graph\">{\"@context\":\"https:\\\/\\\/schema.org\",\"@graph\":[{\"@type\":\"Article\",\"@id\":\"https:\\\/\\\/www.ayurvedique.com\\\/vedicare-spa\\\/notre-lieu-valorette\\\/#article\",\"isPartOf\":{\"@id\":\"https:\\\/\\\/www.ayurvedique.com\\\/vedicare-spa\\\/notre-lieu-valorette\\\/\"},\"author\":{\"name\":\"cyber\",\"@id\":\"https:\\\/\\\/www.ayurvedique.com\\\/vedicare-spa\\\/#\\\/schema\\\/person\\\/85a948682000f717f48f74081cafac7d\"},\"headline\":\"Notre lieu : La Valorette\",\"datePublished\":\"2011-07-30T14:00:32+00:00\",\"dateModified\":\"2023-02-08T13:53:09+00:00\",\"mainEntityOfPage\":{\"@id\":\"https:\\\/\\\/www.ayurvedique.com\\\/vedicare-spa\\\/notre-lieu-valorette\\\/\"},\"wordCount\":464,\"commentCount\":0,\"publisher\":{\"@id\":\"https:\\\/\\\/www.ayurvedique.com\\\/vedicare-spa\\\/#organization\"},\"image\":{\"@id\":\"https:\\\/\\\/www.ayurvedique.com\\\/vedicare-spa\\\/notre-lieu-valorette\\\/#primaryimage\"},\"thumbnailUrl\":\"https:\\\/\\\/www.ayurvedique.com\\\/vedicare-spa\\\/wp-content\\\/uploads\\\/DSC_0115.jpg\",\"articleSection\":[\"Vedicare\"],\"inLanguage\":\"fr-FR\",\"potentialAction\":[{\"@type\":\"CommentAction\",\"name\":\"Comment\",\"target\":[\"https:\\\/\\\/www.ayurvedique.com\\\/vedicare-spa\\\/notre-lieu-valorette\\\/#respond\"]}]},{\"@type\":\"WebPage\",\"@id\":\"https:\\\/\\\/www.ayurvedique.com\\\/vedicare-spa\\\/notre-lieu-valorette\\\/\",\"url\":\"https:\\\/\\\/www.ayurvedique.com\\\/vedicare-spa\\\/notre-lieu-valorette\\\/\",\"name\":\"Notre lieu : La Valorette - Vedicare | Soins, Cures, Boutique ayurv\u00e9dique\",\"isPartOf\":{\"@id\":\"https:\\\/\\\/www.ayurvedique.com\\\/vedicare-spa\\\/#website\"},\"primaryImageOfPage\":{\"@id\":\"https:\\\/\\\/www.ayurvedique.com\\\/vedicare-spa\\\/notre-lieu-valorette\\\/#primaryimage\"},\"image\":{\"@id\":\"https:\\\/\\\/www.ayurvedique.com\\\/vedicare-spa\\\/notre-lieu-valorette\\\/#primaryimage\"},\"thumbnailUrl\":\"https:\\\/\\\/www.ayurvedique.com\\\/vedicare-spa\\\/wp-content\\\/uploads\\\/DSC_0115.jpg\",\"datePublished\":\"2011-07-30T14:00:32+00:00\",\"dateModified\":\"2023-02-08T13:53:09+00:00\",\"description\":\"Spa, massages, soins, cures, consultation di\u00e9t\u00e9tique ayurv\u00e9dique... Stages, \u00e9co-h\u00e9bergement, tables d'h\u00f4tes dans le sud de la France \u00e0 45 min de Nice.\",\"breadcrumb\":{\"@id\":\"https:\\\/\\\/www.ayurvedique.com\\\/vedicare-spa\\\/notre-lieu-valorette\\\/#breadcrumb\"},\"inLanguage\":\"fr-FR\",\"potentialAction\":[{\"@type\":\"ReadAction\",\"target\":[\"https:\\\/\\\/www.ayurvedique.com\\\/vedicare-spa\\\/notre-lieu-valorette\\\/\"]}]},{\"@type\":\"ImageObject\",\"inLanguage\":\"fr-FR\",\"@id\":\"https:\\\/\\\/www.ayurvedique.com\\\/vedicare-spa\\\/notre-lieu-valorette\\\/#primaryimage\",\"url\":\"https:\\\/\\\/www.ayurvedique.com\\\/vedicare-spa\\\/wp-content\\\/uploads\\\/DSC_0115.jpg\",\"contentUrl\":\"https:\\\/\\\/www.ayurvedique.com\\\/vedicare-spa\\\/wp-content\\\/uploads\\\/DSC_0115.jpg\",\"width\":1024,\"height\":576,\"caption\":\"La Valorette\"},{\"@type\":\"BreadcrumbList\",\"@id\":\"https:\\\/\\\/www.ayurvedique.com\\\/vedicare-spa\\\/notre-lieu-valorette\\\/#breadcrumb\",\"itemListElement\":[{\"@type\":\"ListItem\",\"position\":1,\"name\":\"Accueil\",\"item\":\"https:\\\/\\\/www.ayurvedique.com\\\/vedicare-spa\\\/\"},{\"@type\":\"ListItem\",\"position\":2,\"name\":\"Notre lieu : La Valorette\"}]},{\"@type\":\"WebSite\",\"@id\":\"https:\\\/\\\/www.ayurvedique.com\\\/vedicare-spa\\\/#website\",\"url\":\"https:\\\/\\\/www.ayurvedique.com\\\/vedicare-spa\\\/\",\"name\":\"Vedicare | Soins, Cures, Boutique ayurv\u00e9dique\",\"description\":\"Produits naturels bio et vegan, Spa ayurvedique\",\"publisher\":{\"@id\":\"https:\\\/\\\/www.ayurvedique.com\\\/vedicare-spa\\\/#organization\"},\"alternateName\":\"Spa ayurv\u00e9dique et produits naturels\",\"potentialAction\":[{\"@type\":\"SearchAction\",\"target\":{\"@type\":\"EntryPoint\",\"urlTemplate\":\"https:\\\/\\\/www.ayurvedique.com\\\/vedicare-spa\\\/?s={search_term_string}\"},\"query-input\":{\"@type\":\"PropertyValueSpecification\",\"valueRequired\":true,\"valueName\":\"search_term_string\"}}],\"inLanguage\":\"fr-FR\"},{\"@type\":\"Organization\",\"@id\":\"https:\\\/\\\/www.ayurvedique.com\\\/vedicare-spa\\\/#organization\",\"name\":\"Vedicare\",\"url\":\"https:\\\/\\\/www.ayurvedique.com\\\/vedicare-spa\\\/\",\"logo\":{\"@type\":\"ImageObject\",\"inLanguage\":\"fr-FR\",\"@id\":\"https:\\\/\\\/www.ayurvedique.com\\\/vedicare-spa\\\/#\\\/schema\\\/logo\\\/image\\\/\",\"url\":\"https:\\\/\\\/www.ayurvedique.com\\\/vedicare-spa\\\/wp-content\\\/uploads\\\/logo_vedicare-1.png\",\"contentUrl\":\"https:\\\/\\\/www.ayurvedique.com\\\/vedicare-spa\\\/wp-content\\\/uploads\\\/logo_vedicare-1.png\",\"width\":142,\"height\":206,\"caption\":\"Vedicare\"},\"image\":{\"@id\":\"https:\\\/\\\/www.ayurvedique.com\\\/vedicare-spa\\\/#\\\/schema\\\/logo\\\/image\\\/\"},\"sameAs\":[\"https:\\\/\\\/www.facebook.com\\\/Eco-gites-et-spa-Vedicare-146891845345782\\\/\"]},{\"@type\":\"Person\",\"@id\":\"https:\\\/\\\/www.ayurvedique.com\\\/vedicare-spa\\\/#\\\/schema\\\/person\\\/85a948682000f717f48f74081cafac7d\",\"name\":\"cyber\"}]}<\/script>\n<!-- \/ Yoast SEO plugin. -->","yoast_head_json":{"title":"Notre lieu : La Valorette - Vedicare | Soins, Cures, Boutique ayurv\u00e9dique","description":"Spa, massages, soins, cures, consultation di\u00e9t\u00e9tique ayurv\u00e9dique... Stages, \u00e9co-h\u00e9bergement, tables d'h\u00f4tes dans le sud de la France \u00e0 45 min de Nice.","robots":{"index":"index","follow":"follow","max-snippet":"max-snippet:-1","max-image-preview":"max-image-preview:large","max-video-preview":"max-video-preview:-1"},"canonical":"https:\/\/www.ayurvedique.com\/vedicare-spa\/notre-lieu-valorette\/","og_locale":"fr_FR","og_type":"article","og_title":"Notre lieu : La Valorette - Vedicare | Soins, Cures, Boutique ayurv\u00e9dique","og_description":"Spa, massages, soins, cures, consultation di\u00e9t\u00e9tique ayurv\u00e9dique... Stages, \u00e9co-h\u00e9bergement, tables d'h\u00f4tes dans le sud de la France \u00e0 45 min de Nice.","og_url":"https:\/\/www.ayurvedique.com\/vedicare-spa\/notre-lieu-valorette\/","og_site_name":"Vedicare | Soins, Cures, Boutique ayurv\u00e9dique","article_publisher":"https:\/\/www.facebook.com\/Eco-gites-et-spa-Vedicare-146891845345782\/","article_published_time":"2011-07-30T14:00:32+00:00","article_modified_time":"2023-02-08T13:53:09+00:00","og_image":[{"width":1024,"height":576,"url":"https:\/\/www.ayurvedique.com\/vedicare-spa\/wp-content\/uploads\/DSC_0115.jpg","type":"image\/jpeg"}],"author":"cyber","twitter_card":"summary_large_image","twitter_misc":{"\u00c9crit par":"cyber","Dur\u00e9e de lecture estim\u00e9e":"3 minutes"},"schema":{"@context":"https:\/\/schema.org","@graph":[{"@type":"Article","@id":"https:\/\/www.ayurvedique.com\/vedicare-spa\/notre-lieu-valorette\/#article","isPartOf":{"@id":"https:\/\/www.ayurvedique.com\/vedicare-spa\/notre-lieu-valorette\/"},"author":{"name":"cyber","@id":"https:\/\/www.ayurvedique.com\/vedicare-spa\/#\/schema\/person\/85a948682000f717f48f74081cafac7d"},"headline":"Notre lieu : La Valorette","datePublished":"2011-07-30T14:00:32+00:00","dateModified":"2023-02-08T13:53:09+00:00","mainEntityOfPage":{"@id":"https:\/\/www.ayurvedique.com\/vedicare-spa\/notre-lieu-valorette\/"},"wordCount":464,"commentCount":0,"publisher":{"@id":"https:\/\/www.ayurvedique.com\/vedicare-spa\/#organization"},"image":{"@id":"https:\/\/www.ayurvedique.com\/vedicare-spa\/notre-lieu-valorette\/#primaryimage"},"thumbnailUrl":"https:\/\/www.ayurvedique.com\/vedicare-spa\/wp-content\/uploads\/DSC_0115.jpg","articleSection":["Vedicare"],"inLanguage":"fr-FR","potentialAction":[{"@type":"CommentAction","name":"Comment","target":["https:\/\/www.ayurvedique.com\/vedicare-spa\/notre-lieu-valorette\/#respond"]}]},{"@type":"WebPage","@id":"https:\/\/www.ayurvedique.com\/vedicare-spa\/notre-lieu-valorette\/","url":"https:\/\/www.ayurvedique.com\/vedicare-spa\/notre-lieu-valorette\/","name":"Notre lieu : La Valorette - Vedicare | Soins, Cures, Boutique ayurv\u00e9dique","isPartOf":{"@id":"https:\/\/www.ayurvedique.com\/vedicare-spa\/#website"},"primaryImageOfPage":{"@id":"https:\/\/www.ayurvedique.com\/vedicare-spa\/notre-lieu-valorette\/#primaryimage"},"image":{"@id":"https:\/\/www.ayurvedique.com\/vedicare-spa\/notre-lieu-valorette\/#primaryimage"},"thumbnailUrl":"https:\/\/www.ayurvedique.com\/vedicare-spa\/wp-content\/uploads\/DSC_0115.jpg","datePublished":"2011-07-30T14:00:32+00:00","dateModified":"2023-02-08T13:53:09+00:00","description":"Spa, massages, soins, cures, consultation di\u00e9t\u00e9tique ayurv\u00e9dique... Stages, \u00e9co-h\u00e9bergement, tables d'h\u00f4tes dans le sud de la France \u00e0 45 min de Nice.","breadcrumb":{"@id":"https:\/\/www.ayurvedique.com\/vedicare-spa\/notre-lieu-valorette\/#breadcrumb"},"inLanguage":"fr-FR","potentialAction":[{"@type":"ReadAction","target":["https:\/\/www.ayurvedique.com\/vedicare-spa\/notre-lieu-valorette\/"]}]},{"@type":"ImageObject","inLanguage":"fr-FR","@id":"https:\/\/www.ayurvedique.com\/vedicare-spa\/notre-lieu-valorette\/#primaryimage","url":"https:\/\/www.ayurvedique.com\/vedicare-spa\/wp-content\/uploads\/DSC_0115.jpg","contentUrl":"https:\/\/www.ayurvedique.com\/vedicare-spa\/wp-content\/uploads\/DSC_0115.jpg","width":1024,"height":576,"caption":"La Valorette"},{"@type":"BreadcrumbList","@id":"https:\/\/www.ayurvedique.com\/vedicare-spa\/notre-lieu-valorette\/#breadcrumb","itemListElement":[{"@type":"ListItem","position":1,"name":"Accueil","item":"https:\/\/www.ayurvedique.com\/vedicare-spa\/"},{"@type":"ListItem","position":2,"name":"Notre lieu : La Valorette"}]},{"@type":"WebSite","@id":"https:\/\/www.ayurvedique.com\/vedicare-spa\/#website","url":"https:\/\/www.ayurvedique.com\/vedicare-spa\/","name":"Vedicare | Soins, Cures, Boutique ayurv\u00e9dique","description":"Produits naturels bio et vegan, Spa ayurvedique","publisher":{"@id":"https:\/\/www.ayurvedique.com\/vedicare-spa\/#organization"},"alternateName":"Spa ayurv\u00e9dique et produits naturels","potentialAction":[{"@type":"SearchAction","target":{"@type":"EntryPoint","urlTemplate":"https:\/\/www.ayurvedique.com\/vedicare-spa\/?s={search_term_string}"},"query-input":{"@type":"PropertyValueSpecification","valueRequired":true,"valueName":"search_term_string"}}],"inLanguage":"fr-FR"},{"@type":"Organization","@id":"https:\/\/www.ayurvedique.com\/vedicare-spa\/#organization","name":"Vedicare","url":"https:\/\/www.ayurvedique.com\/vedicare-spa\/","logo":{"@type":"ImageObject","inLanguage":"fr-FR","@id":"https:\/\/www.ayurvedique.com\/vedicare-spa\/#\/schema\/logo\/image\/","url":"https:\/\/www.ayurvedique.com\/vedicare-spa\/wp-content\/uploads\/logo_vedicare-1.png","contentUrl":"https:\/\/www.ayurvedique.com\/vedicare-spa\/wp-content\/uploads\/logo_vedicare-1.png","width":142,"height":206,"caption":"Vedicare"},"image":{"@id":"https:\/\/www.ayurvedique.com\/vedicare-spa\/#\/schema\/logo\/image\/"},"sameAs":["https:\/\/www.facebook.com\/Eco-gites-et-spa-Vedicare-146891845345782\/"]},{"@type":"Person","@id":"https:\/\/www.ayurvedique.com\/vedicare-spa\/#\/schema\/person\/85a948682000f717f48f74081cafac7d","name":"cyber"}]}},"uagb_featured_image_src":{"full":["https:\/\/www.ayurvedique.com\/vedicare-spa\/wp-content\/uploads\/DSC_0115.jpg",1024,576,false],"thumbnail":["https:\/\/www.ayurvedique.com\/vedicare-spa\/wp-content\/uploads\/DSC_0115-150x150.jpg",150,150,true],"medium":["https:\/\/www.ayurvedique.com\/vedicare-spa\/wp-content\/uploads\/DSC_0115-600x338.jpg",600,338,true],"medium_large":["https:\/\/www.ayurvedique.com\/vedicare-spa\/wp-content\/uploads\/DSC_0115-768x432.jpg",768,432,true],"large":["https:\/\/www.ayurvedique.com\/vedicare-spa\/wp-content\/uploads\/DSC_0115.jpg",1024,576,false],"1536x1536":["https:\/\/www.ayurvedique.com\/vedicare-spa\/wp-content\/uploads\/DSC_0115.jpg",1024,576,false],"2048x2048":["https:\/\/www.ayurvedique.com\/vedicare-spa\/wp-content\/uploads\/DSC_0115.jpg",1024,576,false],"rpwe-thumbnail":["https:\/\/www.ayurvedique.com\/vedicare-spa\/wp-content\/uploads\/DSC_0115-45x45.jpg",45,45,true],"woocommerce_thumbnail":["https:\/\/www.ayurvedique.com\/vedicare-spa\/wp-content\/uploads\/DSC_0115-300x300.jpg",300,300,true],"woocommerce_single":["https:\/\/www.ayurvedique.com\/vedicare-spa\/wp-content\/uploads\/DSC_0115-600x338.jpg",600,338,true],"woocommerce_gallery_thumbnail":["https:\/\/www.ayurvedique.com\/vedicare-spa\/wp-content\/uploads\/DSC_0115-100x100.jpg",100,100,true]},"uagb_author_info":{"display_name":"cyber","author_link":"https:\/\/www.ayurvedique.com\/vedicare-spa\/author\/cyber\/"},"uagb_comment_info":0,"uagb_excerpt":"A 45 min de Nice, pr\u00e8s du village de Tournefort, nos chambres d'h\u00f4tes, les yourtes et un chalet accueillent curistes et stagiaires toute l'ann\u00e9e.","_links":{"self":[{"href":"https:\/\/www.ayurvedique.com\/vedicare-spa\/wp-json\/wp\/v2\/posts\/57","targetHints":{"allow":["GET"]}}],"collection":[{"href":"https:\/\/www.ayurvedique.com\/vedicare-spa\/wp-json\/wp\/v2\/posts"}],"about":[{"href":"https:\/\/www.ayurvedique.com\/vedicare-spa\/wp-json\/wp\/v2\/types\/post"}],"author":[{"embeddable":true,"href":"https:\/\/www.ayurvedique.com\/vedicare-spa\/wp-json\/wp\/v2\/users\/1"}],"replies":[{"embeddable":true,"href":"https:\/\/www.ayurvedique.com\/vedicare-spa\/wp-json\/wp\/v2\/comments?post=57"}],"version-history":[{"count":18,"href":"https:\/\/www.ayurvedique.com\/vedicare-spa\/wp-json\/wp\/v2\/posts\/57\/revisions"}],"predecessor-version":[{"id":6349,"href":"https:\/\/www.ayurvedique.com\/vedicare-spa\/wp-json\/wp\/v2\/posts\/57\/revisions\/6349"}],"wp:featuredmedia":[{"embeddable":true,"href":"https:\/\/www.ayurvedique.com\/vedicare-spa\/wp-json\/wp\/v2\/media\/1328"}],"wp:attachment":[{"href":"https:\/\/www.ayurvedique.com\/vedicare-spa\/wp-json\/wp\/v2\/media?parent=57"}],"wp:term":[{"taxonomy":"category","embeddable":true,"href":"https:\/\/www.ayurvedique.com\/vedicare-spa\/wp-json\/wp\/v2\/categories?post=57"},{"taxonomy":"post_tag","embeddable":true,"href":"https:\/\/www.ayurvedique.com\/vedicare-spa\/wp-json\/wp\/v2\/tags?post=57"}],"curies":[{"name":"wp","href":"https:\/\/api.w.org\/{rel}","templated":true}]}}