{"id":45,"date":"2011-07-19T23:44:48","date_gmt":"2011-07-19T21:44:48","guid":{"rendered":""},"modified":"2021-10-26T18:01:33","modified_gmt":"2021-10-26T16:01:33","slug":"stages-formations-massage-crane-et-visage","status":"publish","type":"post","link":"https:\/\/www.ayurvedique.com\/vedicare-spa\/stages-formations-massage-crane-et-visage\/","title":{"rendered":"Massage du Cr\u00e2ne et du Visage"},"content":{"rendered":"<p>Ce stage s\u2019adresse \u00e0 toute personne d\u00e9sirant se perfectionner en massage du visage et du cr\u00e2ne selon l\u2019Ayurveda, sp\u00e9cialement, les esth\u00e9ticiennes, coiffeuses, coiffeurs, et professionnel du massage&#8230;.<\/p>\n<p>Programme du stage :<\/p>\n<p>Samedi : 9h \u00e0 18h<\/p>\n<p>&#8211; Th\u00e9orie de l\u2019Ayurveda : les doshas, sous doshas, les nadis<\/p>\n<p>&#8211; Les marmas de la t\u00eate et du visage<br \/>\n&#8211; Technique de massage du cr\u00e2ne et du visage<\/p>\n<p>Dimanche : 9h \u00e0 12h<\/p>\n<p>&#8211; Th\u00e9orie et pratique : les huiles, lepa et ghee pour le visage et le cuir chevelu.<br \/>\n&#8211; comment faire des huiles ayurv\u00e9diques<\/p>\n","protected":false},"excerpt":{"rendered":"<p>Ce stage s\u2019adresse \u00e0 toute personne d\u00e9sirant se perfectionner en massage du visage et du cr\u00e2ne selon l\u2019Ayurveda, sp\u00e9cialement, les esth\u00e9ticiennes, coiffeuses, coiffeurs, et professionnel du massage&#8230;.<\/p>\n<p>&nbsp;<\/p>\n","protected":false},"author":1,"featured_media":0,"comment_status":"open","ping_status":"open","sticky":false,"template":"","format":"standard","meta":{"_uag_custom_page_level_css":"","site-sidebar-layout":"default","site-content-layout":"default","ast-site-content-layout":"default","site-content-style":"default","site-sidebar-style":"default","ast-global-header-display":"","ast-banner-title-visibility":"","ast-main-header-display":"","ast-hfb-above-header-display":"","ast-hfb-below-header-display":"","ast-hfb-mobile-header-display":"","site-post-title":"","ast-breadcrumbs-content":"","ast-featured-img":"","footer-sml-layout":"","ast-disable-related-posts":"","theme-transparent-header-meta":"default","adv-header-id-meta":"","stick-header-meta":"","header-above-stick-meta":"","header-main-stick-meta":"","header-below-stick-meta":"","astra-migrate-meta-layouts":"default","ast-page-background-enabled":"default","ast-page-background-meta":{"desktop":{"background-color":"","background-image":"","background-repeat":"repeat","background-position":"center center","background-size":"auto","background-attachment":"scroll","background-type":"","background-media":"","overlay-type":"","overlay-color":"","overlay-opacity":"","overlay-gradient":""},"tablet":{"background-color":"","background-image":"","background-repeat":"repeat","background-position":"center center","background-size":"auto","background-attachment":"scroll","background-type":"","background-media":"","overlay-type":"","overlay-color":"","overlay-opacity":"","overlay-gradient":""},"mobile":{"background-color":"","background-image":"","background-repeat":"repeat","background-position":"center center","background-size":"auto","background-attachment":"scroll","background-type":"","background-media":"","overlay-type":"","overlay-color":"","overlay-opacity":"","overlay-gradient":""}},"ast-content-background-meta":{"desktop":{"background-color":"var(--ast-global-color-5)","background-image":"","background-repeat":"repeat","background-position":"center center","background-size":"auto","background-attachment":"scroll","background-type":"","background-media":"","overlay-type":"","overlay-color":"","overlay-opacity":"","overlay-gradient":""},"tablet":{"background-color":"var(--ast-global-color-5)","background-image":"","background-repeat":"repeat","background-position":"center center","background-size":"auto","background-attachment":"scroll","background-type":"","background-media":"","overlay-type":"","overlay-color":"","overlay-opacity":"","overlay-gradient":""},"mobile":{"background-color":"var(--ast-global-color-5)","background-image":"","background-repeat":"repeat","background-position":"center center","background-size":"auto","background-attachment":"scroll","background-type":"","background-media":"","overlay-type":"","overlay-color":"","overlay-opacity":"","overlay-gradient":""}},"footnotes":""},"categories":[118],"tags":[],"class_list":["post-45","post","type-post","status-publish","format-standard","hentry","category-stages-vedicare"],"yoast_head":"<!-- This site is optimized with the Yoast SEO plugin v27.4 - https:\/\/yoast.com\/product\/yoast-seo-wordpress\/ -->\n<title>Massage du Cr\u00e2ne et du Visage - Vedicare | Soins, Cures, Boutique ayurv\u00e9dique<\/title>\n<meta name=\"description\" content=\"Spa, massages, soins, cures, consultation di\u00e9t\u00e9tique ayurv\u00e9dique... Stages, \u00e9co-h\u00e9bergement, tables d&#039;h\u00f4tes dans le sud de la France \u00e0 45 min de Nice.\" \/>\n<meta name=\"robots\" content=\"index, follow, max-snippet:-1, max-image-preview:large, max-video-preview:-1\" \/>\n<link rel=\"canonical\" href=\"https:\/\/www.ayurvedique.com\/vedicare-spa\/stages-formations-massage-crane-et-visage\/\" \/>\n<meta property=\"og:locale\" content=\"fr_FR\" \/>\n<meta property=\"og:type\" content=\"article\" \/>\n<meta property=\"og:title\" content=\"Massage du Cr\u00e2ne et du Visage - Vedicare | Soins, Cures, Boutique ayurv\u00e9dique\" \/>\n<meta property=\"og:description\" content=\"Spa, massages, soins, cures, consultation di\u00e9t\u00e9tique ayurv\u00e9dique... Stages, \u00e9co-h\u00e9bergement, tables d&#039;h\u00f4tes dans le sud de la France \u00e0 45 min de Nice.\" \/>\n<meta property=\"og:url\" content=\"https:\/\/www.ayurvedique.com\/vedicare-spa\/stages-formations-massage-crane-et-visage\/\" \/>\n<meta property=\"og:site_name\" content=\"Vedicare | Soins, Cures, Boutique ayurv\u00e9dique\" \/>\n<meta property=\"article:publisher\" content=\"https:\/\/www.facebook.com\/Eco-gites-et-spa-Vedicare-146891845345782\/\" \/>\n<meta property=\"article:published_time\" content=\"2011-07-19T21:44:48+00:00\" \/>\n<meta property=\"article:modified_time\" content=\"2021-10-26T16:01:33+00:00\" \/>\n<meta property=\"og:image\" content=\"https:\/\/www.ayurvedique.com\/vedicare-spa\/wp-content\/uploads\/logo_vedicare-noir-1.png\" \/>\n\t<meta property=\"og:image:width\" content=\"200\" \/>\n\t<meta property=\"og:image:height\" content=\"200\" \/>\n\t<meta property=\"og:image:type\" content=\"image\/png\" \/>\n<meta name=\"author\" content=\"cyber\" \/>\n<meta name=\"twitter:card\" content=\"summary_large_image\" \/>\n<meta name=\"twitter:label1\" content=\"\u00c9crit par\" \/>\n\t<meta name=\"twitter:data1\" content=\"cyber\" \/>\n\t<meta name=\"twitter:label2\" content=\"Dur\u00e9e de lecture estim\u00e9e\" \/>\n\t<meta name=\"twitter:data2\" content=\"1 minute\" \/>\n<script type=\"application\/ld+json\" class=\"yoast-schema-graph\">{\"@context\":\"https:\\\/\\\/schema.org\",\"@graph\":[{\"@type\":\"Article\",\"@id\":\"https:\\\/\\\/www.ayurvedique.com\\\/vedicare-spa\\\/stages-formations-massage-crane-et-visage\\\/#article\",\"isPartOf\":{\"@id\":\"https:\\\/\\\/www.ayurvedique.com\\\/vedicare-spa\\\/stages-formations-massage-crane-et-visage\\\/\"},\"author\":{\"name\":\"cyber\",\"@id\":\"https:\\\/\\\/www.ayurvedique.com\\\/vedicare-spa\\\/#\\\/schema\\\/person\\\/85a948682000f717f48f74081cafac7d\"},\"headline\":\"Massage du Cr\u00e2ne et du Visage\",\"datePublished\":\"2011-07-19T21:44:48+00:00\",\"dateModified\":\"2021-10-26T16:01:33+00:00\",\"mainEntityOfPage\":{\"@id\":\"https:\\\/\\\/www.ayurvedique.com\\\/vedicare-spa\\\/stages-formations-massage-crane-et-visage\\\/\"},\"wordCount\":104,\"commentCount\":0,\"publisher\":{\"@id\":\"https:\\\/\\\/www.ayurvedique.com\\\/vedicare-spa\\\/#organization\"},\"articleSection\":[\"Stages Vedicare\"],\"inLanguage\":\"fr-FR\",\"potentialAction\":[{\"@type\":\"CommentAction\",\"name\":\"Comment\",\"target\":[\"https:\\\/\\\/www.ayurvedique.com\\\/vedicare-spa\\\/stages-formations-massage-crane-et-visage\\\/#respond\"]}]},{\"@type\":\"WebPage\",\"@id\":\"https:\\\/\\\/www.ayurvedique.com\\\/vedicare-spa\\\/stages-formations-massage-crane-et-visage\\\/\",\"url\":\"https:\\\/\\\/www.ayurvedique.com\\\/vedicare-spa\\\/stages-formations-massage-crane-et-visage\\\/\",\"name\":\"Massage du Cr\u00e2ne et du Visage - Vedicare | Soins, Cures, Boutique ayurv\u00e9dique\",\"isPartOf\":{\"@id\":\"https:\\\/\\\/www.ayurvedique.com\\\/vedicare-spa\\\/#website\"},\"datePublished\":\"2011-07-19T21:44:48+00:00\",\"dateModified\":\"2021-10-26T16:01:33+00:00\",\"description\":\"Spa, massages, soins, cures, consultation di\u00e9t\u00e9tique ayurv\u00e9dique... Stages, \u00e9co-h\u00e9bergement, tables d'h\u00f4tes dans le sud de la France \u00e0 45 min de Nice.\",\"breadcrumb\":{\"@id\":\"https:\\\/\\\/www.ayurvedique.com\\\/vedicare-spa\\\/stages-formations-massage-crane-et-visage\\\/#breadcrumb\"},\"inLanguage\":\"fr-FR\",\"potentialAction\":[{\"@type\":\"ReadAction\",\"target\":[\"https:\\\/\\\/www.ayurvedique.com\\\/vedicare-spa\\\/stages-formations-massage-crane-et-visage\\\/\"]}]},{\"@type\":\"BreadcrumbList\",\"@id\":\"https:\\\/\\\/www.ayurvedique.com\\\/vedicare-spa\\\/stages-formations-massage-crane-et-visage\\\/#breadcrumb\",\"itemListElement\":[{\"@type\":\"ListItem\",\"position\":1,\"name\":\"Accueil\",\"item\":\"https:\\\/\\\/www.ayurvedique.com\\\/vedicare-spa\\\/\"},{\"@type\":\"ListItem\",\"position\":2,\"name\":\"Massage du Cr\u00e2ne et du Visage\"}]},{\"@type\":\"WebSite\",\"@id\":\"https:\\\/\\\/www.ayurvedique.com\\\/vedicare-spa\\\/#website\",\"url\":\"https:\\\/\\\/www.ayurvedique.com\\\/vedicare-spa\\\/\",\"name\":\"Vedicare | Soins, Cures, Boutique ayurv\u00e9dique\",\"description\":\"Produits naturels bio et vegan, Spa ayurvedique\",\"publisher\":{\"@id\":\"https:\\\/\\\/www.ayurvedique.com\\\/vedicare-spa\\\/#organization\"},\"alternateName\":\"Spa ayurv\u00e9dique et produits naturels\",\"potentialAction\":[{\"@type\":\"SearchAction\",\"target\":{\"@type\":\"EntryPoint\",\"urlTemplate\":\"https:\\\/\\\/www.ayurvedique.com\\\/vedicare-spa\\\/?s={search_term_string}\"},\"query-input\":{\"@type\":\"PropertyValueSpecification\",\"valueRequired\":true,\"valueName\":\"search_term_string\"}}],\"inLanguage\":\"fr-FR\"},{\"@type\":\"Organization\",\"@id\":\"https:\\\/\\\/www.ayurvedique.com\\\/vedicare-spa\\\/#organization\",\"name\":\"Vedicare\",\"url\":\"https:\\\/\\\/www.ayurvedique.com\\\/vedicare-spa\\\/\",\"logo\":{\"@type\":\"ImageObject\",\"inLanguage\":\"fr-FR\",\"@id\":\"https:\\\/\\\/www.ayurvedique.com\\\/vedicare-spa\\\/#\\\/schema\\\/logo\\\/image\\\/\",\"url\":\"https:\\\/\\\/www.ayurvedique.com\\\/vedicare-spa\\\/wp-content\\\/uploads\\\/logo_vedicare-1.png\",\"contentUrl\":\"https:\\\/\\\/www.ayurvedique.com\\\/vedicare-spa\\\/wp-content\\\/uploads\\\/logo_vedicare-1.png\",\"width\":142,\"height\":206,\"caption\":\"Vedicare\"},\"image\":{\"@id\":\"https:\\\/\\\/www.ayurvedique.com\\\/vedicare-spa\\\/#\\\/schema\\\/logo\\\/image\\\/\"},\"sameAs\":[\"https:\\\/\\\/www.facebook.com\\\/Eco-gites-et-spa-Vedicare-146891845345782\\\/\"]},{\"@type\":\"Person\",\"@id\":\"https:\\\/\\\/www.ayurvedique.com\\\/vedicare-spa\\\/#\\\/schema\\\/person\\\/85a948682000f717f48f74081cafac7d\",\"name\":\"cyber\"}]}<\/script>\n<!-- \/ Yoast SEO plugin. -->","yoast_head_json":{"title":"Massage du Cr\u00e2ne et du Visage - Vedicare | Soins, Cures, Boutique ayurv\u00e9dique","description":"Spa, massages, soins, cures, consultation di\u00e9t\u00e9tique ayurv\u00e9dique... Stages, \u00e9co-h\u00e9bergement, tables d'h\u00f4tes dans le sud de la France \u00e0 45 min de Nice.","robots":{"index":"index","follow":"follow","max-snippet":"max-snippet:-1","max-image-preview":"max-image-preview:large","max-video-preview":"max-video-preview:-1"},"canonical":"https:\/\/www.ayurvedique.com\/vedicare-spa\/stages-formations-massage-crane-et-visage\/","og_locale":"fr_FR","og_type":"article","og_title":"Massage du Cr\u00e2ne et du Visage - Vedicare | Soins, Cures, Boutique ayurv\u00e9dique","og_description":"Spa, massages, soins, cures, consultation di\u00e9t\u00e9tique ayurv\u00e9dique... Stages, \u00e9co-h\u00e9bergement, tables d'h\u00f4tes dans le sud de la France \u00e0 45 min de Nice.","og_url":"https:\/\/www.ayurvedique.com\/vedicare-spa\/stages-formations-massage-crane-et-visage\/","og_site_name":"Vedicare | Soins, Cures, Boutique ayurv\u00e9dique","article_publisher":"https:\/\/www.facebook.com\/Eco-gites-et-spa-Vedicare-146891845345782\/","article_published_time":"2011-07-19T21:44:48+00:00","article_modified_time":"2021-10-26T16:01:33+00:00","og_image":[{"width":200,"height":200,"url":"https:\/\/www.ayurvedique.com\/vedicare-spa\/wp-content\/uploads\/logo_vedicare-noir-1.png","type":"image\/png"}],"author":"cyber","twitter_card":"summary_large_image","twitter_misc":{"\u00c9crit par":"cyber","Dur\u00e9e de lecture estim\u00e9e":"1 minute"},"schema":{"@context":"https:\/\/schema.org","@graph":[{"@type":"Article","@id":"https:\/\/www.ayurvedique.com\/vedicare-spa\/stages-formations-massage-crane-et-visage\/#article","isPartOf":{"@id":"https:\/\/www.ayurvedique.com\/vedicare-spa\/stages-formations-massage-crane-et-visage\/"},"author":{"name":"cyber","@id":"https:\/\/www.ayurvedique.com\/vedicare-spa\/#\/schema\/person\/85a948682000f717f48f74081cafac7d"},"headline":"Massage du Cr\u00e2ne et du Visage","datePublished":"2011-07-19T21:44:48+00:00","dateModified":"2021-10-26T16:01:33+00:00","mainEntityOfPage":{"@id":"https:\/\/www.ayurvedique.com\/vedicare-spa\/stages-formations-massage-crane-et-visage\/"},"wordCount":104,"commentCount":0,"publisher":{"@id":"https:\/\/www.ayurvedique.com\/vedicare-spa\/#organization"},"articleSection":["Stages Vedicare"],"inLanguage":"fr-FR","potentialAction":[{"@type":"CommentAction","name":"Comment","target":["https:\/\/www.ayurvedique.com\/vedicare-spa\/stages-formations-massage-crane-et-visage\/#respond"]}]},{"@type":"WebPage","@id":"https:\/\/www.ayurvedique.com\/vedicare-spa\/stages-formations-massage-crane-et-visage\/","url":"https:\/\/www.ayurvedique.com\/vedicare-spa\/stages-formations-massage-crane-et-visage\/","name":"Massage du Cr\u00e2ne et du Visage - Vedicare | Soins, Cures, Boutique ayurv\u00e9dique","isPartOf":{"@id":"https:\/\/www.ayurvedique.com\/vedicare-spa\/#website"},"datePublished":"2011-07-19T21:44:48+00:00","dateModified":"2021-10-26T16:01:33+00:00","description":"Spa, massages, soins, cures, consultation di\u00e9t\u00e9tique ayurv\u00e9dique... Stages, \u00e9co-h\u00e9bergement, tables d'h\u00f4tes dans le sud de la France \u00e0 45 min de Nice.","breadcrumb":{"@id":"https:\/\/www.ayurvedique.com\/vedicare-spa\/stages-formations-massage-crane-et-visage\/#breadcrumb"},"inLanguage":"fr-FR","potentialAction":[{"@type":"ReadAction","target":["https:\/\/www.ayurvedique.com\/vedicare-spa\/stages-formations-massage-crane-et-visage\/"]}]},{"@type":"BreadcrumbList","@id":"https:\/\/www.ayurvedique.com\/vedicare-spa\/stages-formations-massage-crane-et-visage\/#breadcrumb","itemListElement":[{"@type":"ListItem","position":1,"name":"Accueil","item":"https:\/\/www.ayurvedique.com\/vedicare-spa\/"},{"@type":"ListItem","position":2,"name":"Massage du Cr\u00e2ne et du Visage"}]},{"@type":"WebSite","@id":"https:\/\/www.ayurvedique.com\/vedicare-spa\/#website","url":"https:\/\/www.ayurvedique.com\/vedicare-spa\/","name":"Vedicare | Soins, Cures, Boutique ayurv\u00e9dique","description":"Produits naturels bio et vegan, Spa ayurvedique","publisher":{"@id":"https:\/\/www.ayurvedique.com\/vedicare-spa\/#organization"},"alternateName":"Spa ayurv\u00e9dique et produits naturels","potentialAction":[{"@type":"SearchAction","target":{"@type":"EntryPoint","urlTemplate":"https:\/\/www.ayurvedique.com\/vedicare-spa\/?s={search_term_string}"},"query-input":{"@type":"PropertyValueSpecification","valueRequired":true,"valueName":"search_term_string"}}],"inLanguage":"fr-FR"},{"@type":"Organization","@id":"https:\/\/www.ayurvedique.com\/vedicare-spa\/#organization","name":"Vedicare","url":"https:\/\/www.ayurvedique.com\/vedicare-spa\/","logo":{"@type":"ImageObject","inLanguage":"fr-FR","@id":"https:\/\/www.ayurvedique.com\/vedicare-spa\/#\/schema\/logo\/image\/","url":"https:\/\/www.ayurvedique.com\/vedicare-spa\/wp-content\/uploads\/logo_vedicare-1.png","contentUrl":"https:\/\/www.ayurvedique.com\/vedicare-spa\/wp-content\/uploads\/logo_vedicare-1.png","width":142,"height":206,"caption":"Vedicare"},"image":{"@id":"https:\/\/www.ayurvedique.com\/vedicare-spa\/#\/schema\/logo\/image\/"},"sameAs":["https:\/\/www.facebook.com\/Eco-gites-et-spa-Vedicare-146891845345782\/"]},{"@type":"Person","@id":"https:\/\/www.ayurvedique.com\/vedicare-spa\/#\/schema\/person\/85a948682000f717f48f74081cafac7d","name":"cyber"}]}},"uagb_featured_image_src":{"full":false,"thumbnail":false,"medium":false,"medium_large":false,"large":false,"1536x1536":false,"2048x2048":false,"rpwe-thumbnail":false,"woocommerce_thumbnail":false,"woocommerce_single":false,"woocommerce_gallery_thumbnail":false},"uagb_author_info":{"display_name":"cyber","author_link":"https:\/\/www.ayurvedique.com\/vedicare-spa\/author\/cyber\/"},"uagb_comment_info":0,"uagb_excerpt":"Ce stage s\u2019adresse \u00e0 toute personne d\u00e9sirant se perfectionner en massage du visage et du cr\u00e2ne selon l\u2019Ayurveda, sp\u00e9cialement, les esth\u00e9ticiennes, coiffeuses, coiffeurs, et professionnel du massage....&nbsp;","_links":{"self":[{"href":"https:\/\/www.ayurvedique.com\/vedicare-spa\/wp-json\/wp\/v2\/posts\/45","targetHints":{"allow":["GET"]}}],"collection":[{"href":"https:\/\/www.ayurvedique.com\/vedicare-spa\/wp-json\/wp\/v2\/posts"}],"about":[{"href":"https:\/\/www.ayurvedique.com\/vedicare-spa\/wp-json\/wp\/v2\/types\/post"}],"author":[{"embeddable":true,"href":"https:\/\/www.ayurvedique.com\/vedicare-spa\/wp-json\/wp\/v2\/users\/1"}],"replies":[{"embeddable":true,"href":"https:\/\/www.ayurvedique.com\/vedicare-spa\/wp-json\/wp\/v2\/comments?post=45"}],"version-history":[{"count":3,"href":"https:\/\/www.ayurvedique.com\/vedicare-spa\/wp-json\/wp\/v2\/posts\/45\/revisions"}],"predecessor-version":[{"id":5277,"href":"https:\/\/www.ayurvedique.com\/vedicare-spa\/wp-json\/wp\/v2\/posts\/45\/revisions\/5277"}],"wp:attachment":[{"href":"https:\/\/www.ayurvedique.com\/vedicare-spa\/wp-json\/wp\/v2\/media?parent=45"}],"wp:term":[{"taxonomy":"category","embeddable":true,"href":"https:\/\/www.ayurvedique.com\/vedicare-spa\/wp-json\/wp\/v2\/categories?post=45"},{"taxonomy":"post_tag","embeddable":true,"href":"https:\/\/www.ayurvedique.com\/vedicare-spa\/wp-json\/wp\/v2\/tags?post=45"}],"curies":[{"name":"wp","href":"https:\/\/api.w.org\/{rel}","templated":true}]}}