{"id":73,"count":4,"description":"Dans les Alpes Maritimes, notre Spa\u00a0 Ayurv\u00e9dique Vedicare est consacr\u00e9 au Bien \u00eatre selon l\u2019Ayurveda, tradition de sant\u00e9 ancestrale issue de l\u2019inde.\r\nAvec nos 3 cabines de Panchakarma, vous pouvez recevoir les prestations identiques aux meilleurs lieux de l\u2019Inde:\u00a0 <a href=\"https:\/\/www.ayurvedique.com\/vedicare-spa\/spa-soins-bien-etre-consultation-dietetique\/\">consultations<\/a>,\u00a0<a href=\"https:\/\/www.ayurvedique.com\/vedicare-spa\/spa-soins-bien-etre-massage\/\">massages<\/a>,\u00a0<a href=\"https:\/\/www.ayurvedique.com\/vedicare-spa\/spa-soins-marmatherapie\/\">marmath\u00e9rapie<\/a>,\u00a0<a href=\"https:\/\/www.ayurvedique.com\/vedicare-spa\/sirodhara\/\">sirodhara<\/a>,\u00a0<a href=\"https:\/\/www.ayurvedique.com\/vedicare-spa\/soins-kati-basti\/\">rud ou kati basti<\/a>,\u00a0<a href=\"https:\/\/www.ayurvedique.com\/vedicare-spa\/spa-soins-netra-basti\/\">netra basti<\/a>,\u00a0<a href=\"https:\/\/www.ayurvedique.com\/vedicare-spa\/soins-nasya\/\">nasyas<\/a>,\u00a0<a href=\"https:\/\/www.ayurvedique.com\/vedicare-spa\/spa-soins-pranatherapie-cristaux\/\">pranath\u00e9rapie<\/a>,\u00a0<a href=\"https:\/\/www.ayurvedique.com\/vedicare-spa\/spa-soins-pinda-swedhana-tampons-chauds\/\">pinda swedhana<\/a>,\u00a0<a href=\"https:\/\/www.ayurvedique.com\/vedicare-spa\/swedhana-bain-de-vapeur\/\">swedhana<\/a>,\u00a0<a href=\"https:\/\/www.ayurvedique.com\/vedicare-spa\/soins-consultations-bol-kansu\/\">kansu<\/a>, etc\u2026\r\n\r\nDes\u00a0<a href=\"https:\/\/www.ayurvedique.com\/vedicare-spa\/category\/spa\/cures-ayurvediques\/\">cures ayurv\u00e9dique<\/a>\u00a0\u00e0 la carte, des forfaits de 7 jours et de courts s\u00e9jours vous sont propos\u00e9s.\r\n\r\nPour vous accueillir \u00e0\u00a0<a href=\"https:\/\/www.ayurvedique.com\/vedicare-spa\/notre-lieu-valorette\/\">la Valorette<\/a>, Tournefort (gare, a\u00e9roport Nice), nous disposons de 5 yourtes, de 4 chambres d\u2019h\u00f4tes et d\u2019un espace familial. Tous les repas servis sont v\u00e9g\u00e9tariens, bas\u00e9s selon les principes de\u00a0<a href=\"https:\/\/www.ayurvedique.com\/vedicare-spa\/l-ayurveda\/\">l\u2019Ayurveda<\/a>\u00a0et en grande partie biologiques.\r\n\r\n[su_custom_gallery source=\"media: 5292,1770,707\" limit=\"4\" link=\"custom\" width=\"265\" height=\"195\"]","link":"https:\/\/www.ayurvedique.com\/vedicare-spa\/category\/spa\/","name":"Le Spa","slug":"spa","taxonomy":"category","parent":0,"meta":[],"z_taxonomy_image_url":"https:\/\/www.ayurvedique.com\/vedicare-spa\/wp-content\/plugins\/categories-images\/assets\/images\/placeholder.png","yoast_head":"<!-- This site is optimized with the Yoast SEO plugin v27.5 - https:\/\/yoast.com\/product\/yoast-seo-wordpress\/ -->\n<title>Le Spa - Vedicare | Soins, Cures, Boutique ayurv\u00e9dique<\/title>\n<meta name=\"robots\" content=\"index, follow, max-snippet:-1, max-image-preview:large, max-video-preview:-1\" \/>\n<link rel=\"canonical\" href=\"https:\/\/www.ayurvedique.com\/vedicare-spa\/category\/spa\/\" \/>\n<meta property=\"og:locale\" content=\"fr_FR\" \/>\n<meta property=\"og:type\" content=\"article\" \/>\n<meta property=\"og:title\" content=\"Le Spa - Vedicare | Soins, Cures, Boutique ayurv\u00e9dique\" \/>\n<meta property=\"og:description\" content=\"Dans les Alpes Maritimes, notre Spa\u00a0 Ayurv\u00e9dique Vedicare est consacr\u00e9 au Bien \u00eatre selon l\u2019Ayurveda, tradition de sant\u00e9 ancestrale issue de l\u2019inde. Avec nos 3 cabines de Panchakarma, vous pouvez recevoir les prestations identiques aux meilleurs lieux de l\u2019Inde:\u00a0 consultations,\u00a0massages,\u00a0marmath\u00e9rapie,\u00a0sirodhara,\u00a0rud ou kati basti,\u00a0netra basti,\u00a0nasyas,\u00a0pranath\u00e9rapie,\u00a0pinda swedhana,\u00a0swedhana,\u00a0kansu, etc\u2026 Des\u00a0cures ayurv\u00e9dique\u00a0\u00e0 la carte, des forfaits de 7 jours et de courts s\u00e9jours vous sont propos\u00e9s. Pour vous accueillir \u00e0\u00a0la Valorette, Tournefort (gare, a\u00e9roport Nice), nous disposons de 5 yourtes, de 4 chambres d\u2019h\u00f4tes et d\u2019un espace familial. Tous les repas servis sont v\u00e9g\u00e9tariens, bas\u00e9s selon les principes de\u00a0l\u2019Ayurveda\u00a0et en grande partie biologiques. massage dosSoin netra basticropped-12049397_1071765692858388_5588962290650361399_n.jpg\" \/>\n<meta property=\"og:url\" content=\"https:\/\/www.ayurvedique.com\/vedicare-spa\/category\/spa\/\" \/>\n<meta property=\"og:site_name\" content=\"Vedicare | Soins, Cures, Boutique ayurv\u00e9dique\" \/>\n<meta property=\"og:image\" content=\"https:\/\/www.ayurvedique.com\/vedicare-spa\/wp-content\/uploads\/massage-dos-265x195.jpg\" \/>\n<meta name=\"twitter:card\" content=\"summary_large_image\" \/>\n<script type=\"application\/ld+json\" class=\"yoast-schema-graph\">{\"@context\":\"https:\\\/\\\/schema.org\",\"@graph\":[{\"@type\":\"CollectionPage\",\"@id\":\"https:\\\/\\\/www.ayurvedique.com\\\/vedicare-spa\\\/category\\\/spa\\\/\",\"url\":\"https:\\\/\\\/www.ayurvedique.com\\\/vedicare-spa\\\/category\\\/spa\\\/\",\"name\":\"Le Spa - Vedicare | Soins, Cures, Boutique ayurv\u00e9dique\",\"isPartOf\":{\"@id\":\"https:\\\/\\\/www.ayurvedique.com\\\/vedicare-spa\\\/#website\"},\"breadcrumb\":{\"@id\":\"https:\\\/\\\/www.ayurvedique.com\\\/vedicare-spa\\\/category\\\/spa\\\/#breadcrumb\"},\"inLanguage\":\"fr-FR\"},{\"@type\":\"BreadcrumbList\",\"@id\":\"https:\\\/\\\/www.ayurvedique.com\\\/vedicare-spa\\\/category\\\/spa\\\/#breadcrumb\",\"itemListElement\":[{\"@type\":\"ListItem\",\"position\":1,\"name\":\"Accueil\",\"item\":\"https:\\\/\\\/www.ayurvedique.com\\\/vedicare-spa\\\/\"},{\"@type\":\"ListItem\",\"position\":2,\"name\":\"Le Spa\"}]},{\"@type\":\"WebSite\",\"@id\":\"https:\\\/\\\/www.ayurvedique.com\\\/vedicare-spa\\\/#website\",\"url\":\"https:\\\/\\\/www.ayurvedique.com\\\/vedicare-spa\\\/\",\"name\":\"Vedicare | Soins, Cures, Boutique ayurv\u00e9dique\",\"description\":\"Produits naturels bio et vegan, Spa ayurvedique\",\"publisher\":{\"@id\":\"https:\\\/\\\/www.ayurvedique.com\\\/vedicare-spa\\\/#organization\"},\"alternateName\":\"Spa ayurv\u00e9dique et produits naturels\",\"potentialAction\":[{\"@type\":\"SearchAction\",\"target\":{\"@type\":\"EntryPoint\",\"urlTemplate\":\"https:\\\/\\\/www.ayurvedique.com\\\/vedicare-spa\\\/?s={search_term_string}\"},\"query-input\":{\"@type\":\"PropertyValueSpecification\",\"valueRequired\":true,\"valueName\":\"search_term_string\"}}],\"inLanguage\":\"fr-FR\"},{\"@type\":\"Organization\",\"@id\":\"https:\\\/\\\/www.ayurvedique.com\\\/vedicare-spa\\\/#organization\",\"name\":\"Vedicare\",\"url\":\"https:\\\/\\\/www.ayurvedique.com\\\/vedicare-spa\\\/\",\"logo\":{\"@type\":\"ImageObject\",\"inLanguage\":\"fr-FR\",\"@id\":\"https:\\\/\\\/www.ayurvedique.com\\\/vedicare-spa\\\/#\\\/schema\\\/logo\\\/image\\\/\",\"url\":\"https:\\\/\\\/www.ayurvedique.com\\\/vedicare-spa\\\/wp-content\\\/uploads\\\/logo_vedicare-1.png\",\"contentUrl\":\"https:\\\/\\\/www.ayurvedique.com\\\/vedicare-spa\\\/wp-content\\\/uploads\\\/logo_vedicare-1.png\",\"width\":142,\"height\":206,\"caption\":\"Vedicare\"},\"image\":{\"@id\":\"https:\\\/\\\/www.ayurvedique.com\\\/vedicare-spa\\\/#\\\/schema\\\/logo\\\/image\\\/\"},\"sameAs\":[\"https:\\\/\\\/www.facebook.com\\\/Eco-gites-et-spa-Vedicare-146891845345782\\\/\"]}]}<\/script>\n<!-- \/ Yoast SEO plugin. -->","yoast_head_json":{"title":"Le Spa - Vedicare | Soins, Cures, Boutique ayurv\u00e9dique","robots":{"index":"index","follow":"follow","max-snippet":"max-snippet:-1","max-image-preview":"max-image-preview:large","max-video-preview":"max-video-preview:-1"},"canonical":"https:\/\/www.ayurvedique.com\/vedicare-spa\/category\/spa\/","og_locale":"fr_FR","og_type":"article","og_title":"Le Spa - Vedicare | Soins, Cures, Boutique ayurv\u00e9dique","og_description":"Dans les Alpes Maritimes, notre Spa\u00a0 Ayurv\u00e9dique Vedicare est consacr\u00e9 au Bien \u00eatre selon l\u2019Ayurveda, tradition de sant\u00e9 ancestrale issue de l\u2019inde. Avec nos 3 cabines de Panchakarma, vous pouvez recevoir les prestations identiques aux meilleurs lieux de l\u2019Inde:\u00a0 consultations,\u00a0massages,\u00a0marmath\u00e9rapie,\u00a0sirodhara,\u00a0rud ou kati basti,\u00a0netra basti,\u00a0nasyas,\u00a0pranath\u00e9rapie,\u00a0pinda swedhana,\u00a0swedhana,\u00a0kansu, etc\u2026 Des\u00a0cures ayurv\u00e9dique\u00a0\u00e0 la carte, des forfaits de 7 jours et de courts s\u00e9jours vous sont propos\u00e9s. Pour vous accueillir \u00e0\u00a0la Valorette, Tournefort (gare, a\u00e9roport Nice), nous disposons de 5 yourtes, de 4 chambres d\u2019h\u00f4tes et d\u2019un espace familial. Tous les repas servis sont v\u00e9g\u00e9tariens, bas\u00e9s selon les principes de\u00a0l\u2019Ayurveda\u00a0et en grande partie biologiques. massage dosSoin netra basticropped-12049397_1071765692858388_5588962290650361399_n.jpg","og_url":"https:\/\/www.ayurvedique.com\/vedicare-spa\/category\/spa\/","og_site_name":"Vedicare | Soins, Cures, Boutique ayurv\u00e9dique","og_image":[{"url":"https:\/\/www.ayurvedique.com\/vedicare-spa\/wp-content\/uploads\/massage-dos-265x195.jpg","type":"","width":"","height":""}],"twitter_card":"summary_large_image","schema":{"@context":"https:\/\/schema.org","@graph":[{"@type":"CollectionPage","@id":"https:\/\/www.ayurvedique.com\/vedicare-spa\/category\/spa\/","url":"https:\/\/www.ayurvedique.com\/vedicare-spa\/category\/spa\/","name":"Le Spa - Vedicare | Soins, Cures, Boutique ayurv\u00e9dique","isPartOf":{"@id":"https:\/\/www.ayurvedique.com\/vedicare-spa\/#website"},"breadcrumb":{"@id":"https:\/\/www.ayurvedique.com\/vedicare-spa\/category\/spa\/#breadcrumb"},"inLanguage":"fr-FR"},{"@type":"BreadcrumbList","@id":"https:\/\/www.ayurvedique.com\/vedicare-spa\/category\/spa\/#breadcrumb","itemListElement":[{"@type":"ListItem","position":1,"name":"Accueil","item":"https:\/\/www.ayurvedique.com\/vedicare-spa\/"},{"@type":"ListItem","position":2,"name":"Le Spa"}]},{"@type":"WebSite","@id":"https:\/\/www.ayurvedique.com\/vedicare-spa\/#website","url":"https:\/\/www.ayurvedique.com\/vedicare-spa\/","name":"Vedicare | Soins, Cures, Boutique ayurv\u00e9dique","description":"Produits naturels bio et vegan, Spa ayurvedique","publisher":{"@id":"https:\/\/www.ayurvedique.com\/vedicare-spa\/#organization"},"alternateName":"Spa ayurv\u00e9dique et produits naturels","potentialAction":[{"@type":"SearchAction","target":{"@type":"EntryPoint","urlTemplate":"https:\/\/www.ayurvedique.com\/vedicare-spa\/?s={search_term_string}"},"query-input":{"@type":"PropertyValueSpecification","valueRequired":true,"valueName":"search_term_string"}}],"inLanguage":"fr-FR"},{"@type":"Organization","@id":"https:\/\/www.ayurvedique.com\/vedicare-spa\/#organization","name":"Vedicare","url":"https:\/\/www.ayurvedique.com\/vedicare-spa\/","logo":{"@type":"ImageObject","inLanguage":"fr-FR","@id":"https:\/\/www.ayurvedique.com\/vedicare-spa\/#\/schema\/logo\/image\/","url":"https:\/\/www.ayurvedique.com\/vedicare-spa\/wp-content\/uploads\/logo_vedicare-1.png","contentUrl":"https:\/\/www.ayurvedique.com\/vedicare-spa\/wp-content\/uploads\/logo_vedicare-1.png","width":142,"height":206,"caption":"Vedicare"},"image":{"@id":"https:\/\/www.ayurvedique.com\/vedicare-spa\/#\/schema\/logo\/image\/"},"sameAs":["https:\/\/www.facebook.com\/Eco-gites-et-spa-Vedicare-146891845345782\/"]}]}},"_links":{"self":[{"href":"https:\/\/www.ayurvedique.com\/vedicare-spa\/wp-json\/wp\/v2\/categories\/73","targetHints":{"allow":["GET"]}}],"collection":[{"href":"https:\/\/www.ayurvedique.com\/vedicare-spa\/wp-json\/wp\/v2\/categories"}],"about":[{"href":"https:\/\/www.ayurvedique.com\/vedicare-spa\/wp-json\/wp\/v2\/taxonomies\/category"}],"wp:post_type":[{"href":"https:\/\/www.ayurvedique.com\/vedicare-spa\/wp-json\/wp\/v2\/posts?categories=73"},{"href":"https:\/\/www.ayurvedique.com\/vedicare-spa\/wp-json\/wp\/v2\/pages?categories=73"}],"curies":[{"name":"wp","href":"https:\/\/api.w.org\/{rel}","templated":true}]}}